{"id":626,"date":"2014-04-08T08:01:49","date_gmt":"2014-04-08T11:01:49","guid":{"rendered":"http:\/\/www.wsamericana.com.br\/site\/?p=626"},"modified":"2014-04-08T13:58:44","modified_gmt":"2014-04-08T16:58:44","slug":"producao-industrial-cresce-em-metade-dos-locais-avaliados-pelo-ibge-2","status":"publish","type":"post","link":"http:\/\/www.wsamericana.com.br\/site\/producao-industrial-cresce-em-metade-dos-locais-avaliados-pelo-ibge-2\/","title":{"rendered":"Produ\u00e7\u00e3o industrial cresce em metade dos locais avaliados pelo IBGE"},"content":{"rendered":"<p>Not\u00edcia via <strong><a href=\"http:\/\/economia.uol.com.br\/noticias\/valor-online\/2014\/04\/08\/producao-industrial-cresce-em-metade-dos-locais-avaliados-pelo-ibge.htm\" target=\"_blank\">Economia UOL<\/a><\/strong><\/p>\n<p>A produ\u00e7\u00e3o industrial aumentou em fevereiro em sete das 14 regi\u00f5es pesquisadas pelo Instituto Brasileiro de Geografia e Estat\u00edstica (IBGE). A ind\u00fastria do Paran\u00e1 foi um dos destaques, com alta de 18,4% em rela\u00e7\u00e3o ao primeiro m\u00eas de 2014, assim como a do Amazonas, com crescimento de 4,7%. Na m\u00e9dia das 14 regi\u00f5es, a produ\u00e7\u00e3o industrial cresceu 0,4% em fevereiro, perante o m\u00eas anterior.<\/p>\n<p>Ainda entre as taxas positivas, apareceram Rio de Janeiro (1%), Goi\u00e1s (0,8%), S\u00e3o Paulo (0,7%), Rio Grande do Sul (0,5%) e Santa Catarina (0,5%). No Par\u00e1, a produ\u00e7\u00e3o mostrou varia\u00e7\u00e3o nula.<\/p>\n<p>Do lado das quedas, houve recuo de 4,3% na atividade industrial do Esp\u00edrito Santo, invertendo a dire\u00e7\u00e3o tomada em janeiro, de aumento de 2,2%. Em Pernambuco, a queda foi de 3,9%, revertendo quatro meses de resultados positivos consecutivos. Regi\u00e3o Nordeste (-1,7%), Cear\u00e1 (-1,6%), Minas Gerais (-1,6%) e Bahia (-1,2%) completaram a lista de locais com taxas negativas.<\/p>\n<p>Na compara\u00e7\u00e3o com fevereiro do ano passado, a expans\u00e3o da produ\u00e7\u00e3o industrial alcan\u00e7ou 12 dos 14 locais investigados. O IBGE cita, neste caso, a influ\u00eancia do efeito calend\u00e1rio, j\u00e1 que fevereiro deste ano teve dois dias \u00fateis a mais que igual m\u00eas do ano anterior.<\/p>\n<p>Os avan\u00e7os mais acentuados foram registrados pelo Paran\u00e1 (17,7%) e Amazonas (15%). Minas Gerais (9,5%), Pernambuco (7,3%) e Cear\u00e1 (5,9%) tamb\u00e9m assinalaram aumentos mais intensos do que a m\u00e9dia nacional (5%).<\/p>\n<p>Ainda no comparativo com fevereiro de 2013, foram verificados avan\u00e7os no Par\u00e1 (4,1%), Regi\u00e3o Nordeste (3,6%), Rio Grande do Sul (2,9%), Santa Catarina (1,8%), S\u00e3o Paulo (0,3%), Rio de Janeiro (0,1%) e Bahia (0,1%). Por outro lado, Esp\u00edrito Santo (-3,6%) e Goi\u00e1s (-2,6%) mostraram resultados negativos.<\/p>\n","protected":false},"excerpt":{"rendered":"<p>Not\u00edcia via Economia UOL A produ\u00e7\u00e3o industrial aumentou em fevereiro em sete das 14 regi\u00f5es pesquisadas pelo Instituto Brasileiro de Geografia e Estat\u00edstica (IBGE). A ind\u00fastria do Paran\u00e1 foi um dos destaques, com alta de 18,4% em rela\u00e7\u00e3o ao primeiro m\u00eas de 2014, assim como a do Amazonas, com crescimento de 4,7%. Na m\u00e9dia das<\/p>\n<p class=\"readmore\"> <a href=\"http:\/\/www.wsamericana.com.br\/site\/producao-industrial-cresce-em-metade-dos-locais-avaliados-pelo-ibge-2\/\" title=\"Read Produ\u00e7\u00e3o industrial cresce em metade dos locais avaliados pelo IBGE\">Read more&#8230;<\/a> <\/p>\n","protected":false},"author":2,"featured_media":0,"comment_status":"open","ping_status":"open","sticky":false,"template":"","format":"standard","meta":{"footnotes":""},"categories":[7,5,6],"tags":[],"class_list":["post-626","post","type-post","status-publish","format-standard","hentry","category-brasil","category-economia","category-producao-industrial"],"_links":{"self":[{"href":"http:\/\/www.wsamericana.com.br\/site\/wp-json\/wp\/v2\/posts\/626","targetHints":{"allow":["GET"]}}],"collection":[{"href":"http:\/\/www.wsamericana.com.br\/site\/wp-json\/wp\/v2\/posts"}],"about":[{"href":"http:\/\/www.wsamericana.com.br\/site\/wp-json\/wp\/v2\/types\/post"}],"author":[{"embeddable":true,"href":"http:\/\/www.wsamericana.com.br\/site\/wp-json\/wp\/v2\/users\/2"}],"replies":[{"embeddable":true,"href":"http:\/\/www.wsamericana.com.br\/site\/wp-json\/wp\/v2\/comments?post=626"}],"version-history":[{"count":3,"href":"http:\/\/www.wsamericana.com.br\/site\/wp-json\/wp\/v2\/posts\/626\/revisions"}],"predecessor-version":[{"id":654,"href":"http:\/\/www.wsamericana.com.br\/site\/wp-json\/wp\/v2\/posts\/626\/revisions\/654"}],"wp:attachment":[{"href":"http:\/\/www.wsamericana.com.br\/site\/wp-json\/wp\/v2\/media?parent=626"}],"wp:term":[{"taxonomy":"category","embeddable":true,"href":"http:\/\/www.wsamericana.com.br\/site\/wp-json\/wp\/v2\/categories?post=626"},{"taxonomy":"post_tag","embeddable":true,"href":"http:\/\/www.wsamericana.com.br\/site\/wp-json\/wp\/v2\/tags?post=626"}],"curies":[{"name":"wp","href":"https:\/\/api.w.org\/{rel}","templated":true}]}}